{"id":50,"count":2,"description":"En una era en la que nuestras vidas son cada vez m\u00e1s en l\u00ednea, discutimos la importancia de la \u00e9tica y la privacidad digital. \u00danase a la conversaci\u00f3n sobre c\u00f3mo proteger sus datos y navegar por la web de forma segura.","link":"https:\/\/thefin.eu\/es\/category\/etica-y-privacidad-digital\/","name":"\u00c9tica y Privacidad Digital","slug":"etica-y-privacidad-digital","taxonomy":"category","parent":0,"meta":[],"_links":{"self":[{"href":"https:\/\/thefin.eu\/es\/wp-json\/wp\/v2\/categories\/50","targetHints":{"allow":["GET"]}}],"collection":[{"href":"https:\/\/thefin.eu\/es\/wp-json\/wp\/v2\/categories"}],"about":[{"href":"https:\/\/thefin.eu\/es\/wp-json\/wp\/v2\/taxonomies\/category"}],"wp:post_type":[{"href":"https:\/\/thefin.eu\/es\/wp-json\/wp\/v2\/posts?categories=50"}],"curies":[{"name":"wp","href":"https:\/\/api.w.org\/{rel}","templated":true}]}}